[{"@context":"https:\/\/schema.org\/","@type":"Article","@id":"https:\/\/www.ror.sk\/co-v-lete-robit\/#Article","mainEntityOfPage":"https:\/\/www.ror.sk\/co-v-lete-robit\/","headline":"\u010co v l\u00e9te robi\u0165","name":"\u010co v l\u00e9te robi\u0165","description":"Viete, \u010do je to tak\u00e1 tajn\u00e1 pr\u00edsada na letn\u00fa z\u00e1bavu schoellerallibert.com? O tom sa hne\u010f<a href=\"https:\/\/www.ror.sk\/co-v-lete-robit\/\" class=\"bizfit-read-more\">Continue Reading<i class=\"fa fa-long-arrow-right\" aria-hidden=\"true\"><\/i><\/a>","datePublished":"2024-01-26","dateModified":"2024-03-01","author":{"@type":"Person","@id":"https:\/\/www.ror.sk\/author\/#Person","name":"","url":"https:\/\/www.ror.sk\/author\/","identifier":1,"image":{"@type":"ImageObject","@id":"https:\/\/secure.gravatar.com\/avatar\/212a6ea425a80cff3df937dbbc230f07127cee4fead311d1e3d946308365d666?s=96&d=mm&r=g","url":"https:\/\/secure.gravatar.com\/avatar\/212a6ea425a80cff3df937dbbc230f07127cee4fead311d1e3d946308365d666?s=96&d=mm&r=g","height":96,"width":96}},"publisher":{"@type":"Organization","name":"ror.sk","logo":{"@type":"ImageObject","@id":"\/logo.png","url":"\/logo.png","width":600,"height":60}},"image":{"@type":"ImageObject","@id":"https:\/\/www.ror.sk\/wp-content\/uploads\/pexels-pineapple-supply-co-1071878_1.jpg","url":"https:\/\/www.ror.sk\/wp-content\/uploads\/pexels-pineapple-supply-co-1071878_1.jpg","height":0,"width":0},"url":"https:\/\/www.ror.sk\/co-v-lete-robit\/","about":["V\u00fdrobky"],"wordCount":418,"articleBody":"       Viete, \u010do je to tak\u00e1 tajn\u00e1 pr\u00edsada na letn\u00fa z\u00e1bavu schoellerallibert.com? O tom sa hne\u010f bli\u017e\u0161ie porozpr\u00e1vame. Ja sa chyst\u00e1m v lete oslavova\u0165 svoju narodeninov\u00fa oslavu s priate\u013eom a ve\u013emi sa na to te\u0161\u00edm. Predstavte si, \u017ee v j\u00fani u\u017e s priate\u013eom budeme 3 roky av auguste osl\u00e1vime svoje 22. narodeniny a hrozne sa na to te\u0161\u00edm. Samozrejme s rodinou, dc\u00e9rou, priate\u013eom a napr\u00edklad kamar\u00e1tmi. U\u017e dokonca viem, \u010do budem ma\u0165 za tortu. No samozrejme \u017ee si ho budem robi\u0165 sama. Je to podstatne lep\u0161ie, ne\u017e keby som nejak\u00fd kupovala. Pre\u010do? No jednoducho dom\u00e1ci je dom\u00e1ci a kto to neza\u017eil, tak to nepochop\u00ed. Schv\u00e1lne si sk\u00faste porovna\u0165 to, ke\u010f si urob\u00edte napr\u00edklad dom\u00e1ci chlieb a potom ho k\u00fapite v obchode. T\u00e1 chu\u0165 je \u00faplne in\u00e1 a absol\u00fatne sa ned\u00e1 porovna\u0165, tak\u017ee tak. Takto aj pe\u010diem chleba, ktor\u00fd tie\u017e na oslavu budem piec\u0165. Priate\u013e sa mi s\u00edce zo za\u010diatku smial, ale ako mu m\u00f4j dom\u00e1ci chlieb chut\u00ed. To v\u017edy \u010du\u010d\u00ed, ke\u010f si na\u0148 nama\u017ee maslo a je v\u00fdborn\u00fd. Alebo napr\u00edklad dom\u00e1ce torty. To sa s t\u00fdmi z obchodu absol\u00fatne nem\u00f4\u017ee rovna\u0165. Ale ja to zis\u0165ujem a\u017e \u010dasom. Predt\u00fdm som nie\u010do tak\u00e9 v\u00f4bec nerie\u0161ila. To a\u017e v poslednej dobe ka\u017ed\u00fd de\u0148 var\u00edm, sk\u00fa\u0161am nov\u00e9 jedl\u00e1, sladkosti, recepty a tak \u010falej. A som za to stra\u0161ne rada. V\u0161ak tie\u017e pre\u010do nie. Ke\u010f je t\u00e1 mo\u017enos\u0165 tak to v\u017edy ide. Ja som u\u017e robila ve\u013eakr\u00e1t nie\u010do tak\u00e9, napr\u00edklad varila, alebo robila tortu a hrozne ve\u013emi mi to zlep\u0161ilo n\u00e1ladu, ke\u010f som sa napr\u00edklad c\u00edtila zle, mala depresiou alebo nemala \u00faplne svoj de\u0148. A varenie ma tie\u017e za\u010dalo stra\u0161ne ve\u013emi bavi\u0165. Za\u010dala  http:\/\/www.reflex.cz\/clanek\/zpravy\/83954\/brazilie-zacala-prevychovavat-vezne-pomoci-psychedelickeho-caje-ayahuascy.html som experimentova\u0165 s jedlami, sk\u00fa\u0161a\u0165 aj nejak\u00e9 svoje recepty, n\u00e1pady a tak \u010falej. A mus\u00edm v\u00e1m poveda\u0165, \u017ee v\u00e4\u010d\u0161inou je to ove\u013ea lep\u0161ie, ne\u017e si objedn\u00e1va\u0165 jedl\u00e1 z re\u0161taur\u00e1cie. Objedn\u00e1va\u0165 odniekia\u013e inokedy je \u00faplne zbyto\u010dn\u00e9 a vyjde v\u00e1s to na podstatne viac pe\u0148az\u00ed, ne\u017e ke\u010f si uvar\u00edte doma a e\u0161te budete py\u0161n\u00ed na to, \u017ee ste to uvarili sami.                                                                                                                                                                                                                                                                                                                                                                                                  "},{"@context":"https:\/\/schema.org\/","@type":"BreadcrumbList","itemListElement":[{"@type":"ListItem","position":1,"name":"\u010co v l\u00e9te robi\u0165","item":"https:\/\/www.ror.sk\/co-v-lete-robit\/#breadcrumbitem"}]}]