[{"@context":"https:\/\/schema.org\/","@type":"Article","@id":"https:\/\/www.ror.sk\/kamaradsko-milenecky-vztah\/#Article","mainEntityOfPage":"https:\/\/www.ror.sk\/kamaradsko-milenecky-vztah\/","headline":"Kamaradsko-milenecky vz\u0165ah","name":"Kamaradsko-milenecky vz\u0165ah","description":"M\u00e1m priate\u013ea tri a pol roka. Zo za\u010diatku to bol sk\u00f4r milenecko-kamar\u00e1tsky vz\u0165ah. On \u017eenat\u00fd,<a href=\"https:\/\/www.ror.sk\/kamaradsko-milenecky-vztah\/\" class=\"bizfit-read-more\">Continue Reading<i class=\"fa fa-long-arrow-right\" aria-hidden=\"true\"><\/i><\/a>","datePublished":"2023-07-28","dateModified":"2023-07-28","author":{"@type":"Person","@id":"https:\/\/www.ror.sk\/author\/#Person","name":"","url":"https:\/\/www.ror.sk\/author\/","identifier":1,"image":{"@type":"ImageObject","@id":"https:\/\/secure.gravatar.com\/avatar\/212a6ea425a80cff3df937dbbc230f07127cee4fead311d1e3d946308365d666?s=96&d=mm&r=g","url":"https:\/\/secure.gravatar.com\/avatar\/212a6ea425a80cff3df937dbbc230f07127cee4fead311d1e3d946308365d666?s=96&d=mm&r=g","height":96,"width":96}},"publisher":{"@type":"Organization","name":"ror.sk","logo":{"@type":"ImageObject","@id":"\/logo.png","url":"\/logo.png","width":600,"height":60}},"image":{"@type":"ImageObject","@id":"https:\/\/www.ror.sk\/wp-content\/uploads\/couple-1718244_1280%20(1)_10_10_10_9.jpg","url":"https:\/\/www.ror.sk\/wp-content\/uploads\/couple-1718244_1280%20(1)_10_10_10_9.jpg","height":0,"width":0},"url":"https:\/\/www.ror.sk\/kamaradsko-milenecky-vztah\/","wordCount":425,"articleBody":"M\u00e1m priate\u013ea tri a pol roka. Zo za\u010diatku to bol sk\u00f4r milenecko-kamar\u00e1tsky vz\u0165ah. On \u017eenat\u00fd, ja vydat\u00e1, obaja v nefunk\u010dnom man\u017eelstve (to \u010di je to u neho pravda vynech\u00e1me, jednoducho ver\u00edm). Povedala som o \u0148om svojmu man\u017eelovi, on nesk\u00f4r o mne povedal man\u017eelke, niekedy v lete. Myslela som, \u017ee bude nasledova\u0165, \u017ee budeme spolu&#8230;ale st\u00e1le bol d\u00f4vod, pre\u010do to ne\u0161lo&#8230; nechce od\u00eds\u0165 od det\u00ed (t\u00fdm bude 18 a 21) nechcel sa na ne vyka\u0161\u013ea\u0165. Nemal kam \u00eds\u0165..(ja pred\u00e1vam s man\u017eelom dom a chcem si zaobstara\u0165 byt) sama m\u00e1m tri mal\u00e9 deti, s nimi si priate\u013e rozumie a ony ho maj\u00fa tie\u017e rady. Ale s jeho de\u0165mi ma e\u0161te nezozn\u00e1mil, vraj nechc\u00fa .. asi ve\u013ea tla\u010d\u00edm, ale \u010dasto rie\u0161im, kedy spolu budeme &#8230;ale ak nechce a vyhovuje mu to tak, ako to je, nech mi to povie &#8230; vraj ma m\u00e1 r\u00e1d a chce so mnou by\u0165, ale nie teraz. Vraj a\u017e dc\u00e9ra dorob\u00ed \u0161kolu. Jeho man\u017eelka sa toti\u017e ods\u0165ahovala do n\u00e1jmu, deti zostali v dome s priate\u013eom. A on ich tam vraj nenech\u00e1 samotn\u00e9. To ch\u00e1pem, ale neh\u013ead\u00e1 in\u00e9 mo\u017enosti.\u00a0To on si niekto ho na\u0161iel, tak predsa mal od\u00eds\u0165 on a nie jeho man\u017eelka, ktor\u00e1 si nikoho nena\u0161la. Tak\u017ee namiesto toho, aby man\u017eelka zostala s de\u0165mi a on \u0161iel za mnou (nezavrhovala som ani variant, \u017ee by \u017eili deti s n\u00edm a so mnou, ale to je akosi pas\u00e9, ke\u010f ma ani nechc\u00fa spozna\u0165) tak man\u017eelka b\u00fdva sama a on s dospel\u00fdmi de\u0165mi&#8230;a my sa len sch\u00e1dzame&#8230;nikdy nie cez noc alebo na viac dn\u00ed&#8230; A vyhliadka, \u017ee so mnou bude ma\u0165 norm\u00e1lny vz\u0165ah a\u017e o nieko\u013eko rokov, je pre m\u0148a jednoducho ne\u00fanosn\u00e1&#8230;som na antidepres\u00edvach, nezvl\u00e1dam to&#8230;nemysl\u00edm si, \u017ee som na \u0148om z\u00e1visl\u00e1, sk\u00f4r nezvl\u00e1dam t\u00fato situ\u00e1ciu&#8230;m\u00e1m sex (nie tak \u010dasto ako by som chcela) ve\u010dera, ob\u010dasn\u00e9 v\u00fdlety, saunu, dotyky&#8230;.ale nie norm\u00e1lny vz\u0165ah, vlastne som sama s de\u0165mi. Hrozne ma to mrz\u00ed, \u017ee sa nedok\u00e1\u017ee ani rozhojda\u0165 a vlastne netu\u0161\u00edm, \u010do je za probl\u00e9m. St\u00e1le nad t\u00fdm prem\u00fd\u0161\u013eam, ako by sa to dalo urobi\u0165, ale ni\u010d ma nenapad\u00e1, ke\u010f s\u00e1m nechce.                                                                                                                                                                                                                                                                                                                                                                                        4.2\/5 - (10 votes)        "},{"@context":"https:\/\/schema.org\/","@type":"BreadcrumbList","itemListElement":[{"@type":"ListItem","position":1,"name":"Kamaradsko-milenecky vz\u0165ah","item":"https:\/\/www.ror.sk\/kamaradsko-milenecky-vztah\/#breadcrumbitem"}]}]