[{"@context":"https:\/\/schema.org\/","@type":"Article","@id":"https:\/\/www.ror.sk\/nemysli-na-mna\/#Article","mainEntityOfPage":"https:\/\/www.ror.sk\/nemysli-na-mna\/","headline":"Nemysl\u00ed na m\u0148a","name":"Nemysl\u00ed na m\u0148a","description":"Sme s priate\u013eom 4 roky, m\u00e1me 2 ro\u010dn\u00e9 die\u0165a. Pred pol rokom som za\u010dala chodi\u0165<a href=\"https:\/\/www.ror.sk\/nemysli-na-mna\/\" class=\"bizfit-read-more\">Continue Reading<i class=\"fa fa-long-arrow-right\" aria-hidden=\"true\"><\/i><\/a>","datePublished":"2023-03-08","dateModified":"2024-02-21","author":{"@type":"Person","@id":"https:\/\/www.ror.sk\/author\/#Person","name":"","url":"https:\/\/www.ror.sk\/author\/","identifier":1,"image":{"@type":"ImageObject","@id":"https:\/\/secure.gravatar.com\/avatar\/212a6ea425a80cff3df937dbbc230f07127cee4fead311d1e3d946308365d666?s=96&d=mm&r=g","url":"https:\/\/secure.gravatar.com\/avatar\/212a6ea425a80cff3df937dbbc230f07127cee4fead311d1e3d946308365d666?s=96&d=mm&r=g","height":96,"width":96}},"publisher":{"@type":"Organization","name":"ror.sk","logo":{"@type":"ImageObject","@id":"\/logo.png","url":"\/logo.png","width":600,"height":60}},"image":{"@type":"ImageObject","@id":"https:\/\/www.ror.sk\/wp-content\/uploads\/couple-1718244_1280%20(2)_10_10_10_10_2.jpg","url":"https:\/\/www.ror.sk\/wp-content\/uploads\/couple-1718244_1280%20(2)_10_10_10_10_2.jpg","height":0,"width":0},"url":"https:\/\/www.ror.sk\/nemysli-na-mna\/","about":["Domov"],"wordCount":419,"articleBody":"Sme s priate\u013eom 4 roky, m\u00e1me 2 ro\u010dn\u00e9 die\u0165a. Pred pol rokom som za\u010dala chodi\u0165 do pr\u00e1ce, aby sme sa mali o nie\u010do lep\u0161ie, preto\u017ee on ako chlap nezar\u00e1ba poriadne, ale mu to vraj to sta\u010d\u00ed. M\u00e1m vzor vo svojom otcovi, ktor\u00fd robil a rob\u00ed \u010do n\u00e1m o\u010diach vid\u00ed, v\u0161etko vyrie\u0161i, sprav\u00ed. A to ma \u0161tve na priate\u013eovi, predsa by sa ako chlap mal vedie\u0165 postara\u0165 poriadne o svoju rodinu. Nikdy ni\u010d neoprav\u00ed, neurob\u00ed, ke\u010f ho o nie\u010do popros\u00edm, v\u017edy m\u00e1 mili\u00f3n v\u00fdhovoriek a m\u0148a to u\u017e stra\u0161ne unavuje program v\u0161etko opakova\u0165, tak\u017ee si to rad\u0161ej v\u0161etko urob\u00edm sama. Za \u010fal\u0161\u00ed mi program vy\u010d\u00edta, \u017ee nem\u00e1me sex, program o \u0148om hovor\u00ed, m\u00e1 neust\u00e1le nar\u00e1\u017eky a m\u0148a u\u017e je z toho fakt zle.Na Vianoce sme sa dohovorili, \u017ee si d\u00e1me nejak\u00fa drobnos\u0165. Tak som nedostala ni\u010d, preto\u017ee vraj sa program kupovali dar\u010deky v\u0161etk\u00fdm in\u00fdm a on nemal peniaze. Ja som mu dar\u010deky k\u00fapila, preto\u017ee som nad t\u00fdm prem\u00fd\u0161\u013eala dlho dopredu. Neviem pre\u010do mi teda v novembri \u00faplne zbyto\u010dne kupoval tovar z ru\u017eov\u00e9ho slona za dos\u0165 pe\u0148az\u00ed o ktor\u00e9 som v\u00f4bec nestala, na to mal, ale urobi\u0165 rados\u0165 ma na Vianoce, to u\u017e nie. Neviem, \u010di som ho prestala milova\u0165, ale rozhodne ma prestal pri\u0165ahova\u0165.Jeho z\u00e1\u013euby s\u00fa pivo, futbal a to je program dookola. Prest\u00e1va sa o seba stara\u0165, je mu jedno, \u010di je cely zarasten\u00e9, neoholen\u00e9, neostrihany. Zrejme toto v\u0161etko pramen\u00ed aj z toho, \u017ee som asi st\u00e1le neprehryzla rozchod pred 6 rokmi, ka\u017ed\u00fd de\u0148 na b\u00fdval\u00e9ho priate\u013ea mysl\u00edm, hovor\u00edm si \u010do by bolo, keby. U\u017e neviem, \u010do robi\u0165 aby som na\u0148ho prestala myslie\u0165, aby ma tento vz\u0165ah nap\u013a\u0148al (pokia\u013e je to e\u0161te v\u00f4bec mo\u017en\u00e9, najrad\u0161ej by som sa zbalila a odi\u0161la), aby som bola rada za to \u010do m\u00e1m. Ale priate\u013e na m\u0148a jednoducho tot\u00e1lne ka\u0161\u013ea a pr\u00edde mi, \u017ee mysl\u00ed len na seba. Ignoruje to, ke\u010f mu nie\u010do poviem alebo ho o nie\u010do popros\u00edm. A ja si pomaly uvedomujem, \u017ee takto to u\u017e dal nejde. Ve\u013emi ma to vycerpava a neviem, ako dlho to e\u0161te takto vydr\u017e\u00edm.                                                                                                                                                                                                                                                                                                                                                                                        3.8\/5 - (11 votes)        "},{"@context":"https:\/\/schema.org\/","@type":"BreadcrumbList","itemListElement":[{"@type":"ListItem","position":1,"name":"Nemysl\u00ed na m\u0148a","item":"https:\/\/www.ror.sk\/nemysli-na-mna\/#breadcrumbitem"}]}]